{"id":403,"date":"2019-11-19T18:38:09","date_gmt":"2019-11-19T17:38:09","guid":{"rendered":"https:\/\/www.actalsace.fr\/news\/widderkumme-2019\/"},"modified":"2020-07-17T01:01:21","modified_gmt":"2020-07-16T23:01:21","slug":"widderkumme-2019","status":"publish","type":"post","link":"https:\/\/www.actalsace.fr\/en\/news\/widderkumme-2019\/","title":{"rendered":"2019 W\u00ecdderk\u00f9mme"},"content":{"rendered":"<p>The Winegrowers of the Alsace Crus et Terroirs association organized the first &#8220;W\u00ecdderk\u00f9mme&#8221;, the Alsatian end-of-harvest celebration, on November 18, 2019 at the Ecomus\u00e9e d&#8217;Alsace.<\/p>\n<p>On the program :<\/p>\n<p>18h &#8211; aperitif: the winegrowers present a vintage of their production<\/p>\n<p>20h &#8211; dinner in the pure Alsatian tradition<\/p>\n<p>Winemakers and participants bring a bottle to share<\/p>\n<p>Nearly 150 people were present to celebrate together the 2019 harvest!<\/p>\n\n\t\t<style type=\"text\/css\">\n\t\t\t#gallery-1 {\n\t\t\t\tmargin: auto;\n\t\t\t}\n\t\t\t#gallery-1 .gallery-item {\n\t\t\t\tfloat: left;\n\t\t\t\tmargin-top: 10px;\n\t\t\t\ttext-align: center;\n\t\t\t\twidth: 50%;\n\t\t\t}\n\t\t\t#gallery-1 img {\n\t\t\t\tborder: 2px solid #cfcfcf;\n\t\t\t}\n\t\t\t#gallery-1 .gallery-caption {\n\t\t\t\tmargin-left: 0;\n\t\t\t}\n\t\t\t\/* see gallery_shortcode() in wp-includes\/media.php *\/\n\t\t<\/style>\n\t\t<div id='gallery-1' class='gallery galleryid-403 gallery-columns-2 gallery-size-large'><dl class='gallery-item'>\n\t\t\t<dt class='gallery-icon landscape'>\n\t\t\t\t<a href='https:\/\/www.actalsace.fr\/wp-inside\/uploads\/2019\/11\/img_8476-scaled.jpg'><img loading=\"lazy\" decoding=\"async\" width=\"1024\" height=\"768\" src=\"https:\/\/www.actalsace.fr\/wp-inside\/uploads\/2019\/11\/img_8476-1024x768.jpg\" class=\"attachment-large size-large\" alt=\"membre ACT\" srcset=\"https:\/\/www.actalsace.fr\/wp-inside\/uploads\/2019\/11\/img_8476-1024x768.jpg 1024w, https:\/\/www.actalsace.fr\/wp-inside\/uploads\/2019\/11\/img_8476-300x225.jpg 300w, https:\/\/www.actalsace.fr\/wp-inside\/uploads\/2019\/11\/img_8476-768x576.jpg 768w, https:\/\/www.actalsace.fr\/wp-inside\/uploads\/2019\/11\/img_8476-1536x1152.jpg 1536w, https:\/\/www.actalsace.fr\/wp-inside\/uploads\/2019\/11\/img_8476-2048x1536.jpg 2048w, https:\/\/www.actalsace.fr\/wp-inside\/uploads\/2019\/11\/img_8476-810x608.jpg 810w\" sizes=\"auto, (max-width: 1024px) 100vw, 1024px\" \/><\/a>\n\t\t\t<\/dt><\/dl><dl class='gallery-item'>\n\t\t\t<dt class='gallery-icon landscape'>\n\t\t\t\t<a href='https:\/\/www.actalsace.fr\/wp-inside\/uploads\/2020\/07\/30e0ade9-b29e-4392-8a85-bc2f26d0854a.jpg'><img loading=\"lazy\" decoding=\"async\" width=\"1024\" height=\"1024\" src=\"https:\/\/www.actalsace.fr\/wp-inside\/uploads\/2020\/07\/30e0ade9-b29e-4392-8a85-bc2f26d0854a-1024x1024.jpg\" class=\"attachment-large size-large\" alt=\"Widderkumme 2019\" srcset=\"https:\/\/www.actalsace.fr\/wp-inside\/uploads\/2020\/07\/30e0ade9-b29e-4392-8a85-bc2f26d0854a-1024x1024.jpg 1024w, https:\/\/www.actalsace.fr\/wp-inside\/uploads\/2020\/07\/30e0ade9-b29e-4392-8a85-bc2f26d0854a-300x300.jpg 300w, https:\/\/www.actalsace.fr\/wp-inside\/uploads\/2020\/07\/30e0ade9-b29e-4392-8a85-bc2f26d0854a-150x150.jpg 150w, https:\/\/www.actalsace.fr\/wp-inside\/uploads\/2020\/07\/30e0ade9-b29e-4392-8a85-bc2f26d0854a-768x768.jpg 768w, https:\/\/www.actalsace.fr\/wp-inside\/uploads\/2020\/07\/30e0ade9-b29e-4392-8a85-bc2f26d0854a-1536x1536.jpg 1536w, https:\/\/www.actalsace.fr\/wp-inside\/uploads\/2020\/07\/30e0ade9-b29e-4392-8a85-bc2f26d0854a-810x810.jpg 810w, https:\/\/www.actalsace.fr\/wp-inside\/uploads\/2020\/07\/30e0ade9-b29e-4392-8a85-bc2f26d0854a-80x80.jpg 80w, https:\/\/www.actalsace.fr\/wp-inside\/uploads\/2020\/07\/30e0ade9-b29e-4392-8a85-bc2f26d0854a.jpg 2048w\" sizes=\"auto, (max-width: 1024px) 100vw, 1024px\" \/><\/a>\n\t\t\t<\/dt><\/dl><br style=\"clear: both\" \/>\n\t\t<\/div>\n\n","protected":false},"excerpt":{"rendered":"<p>The Winegrowers of the Alsace Crus et Terroirs association organized the first &#8220;W\u00ecdderk\u00f9mme&#8221;, the Alsatian end-of-harvest celebration, on November 18, 2019 at the Ecomus\u00e9e d&#8217;Alsace. On the program : 18h [&hellip;]<\/p>\n","protected":false},"author":2,"featured_media":357,"comment_status":"closed","ping_status":"closed","sticky":false,"template":"","format":"standard","meta":{"_acf_changed":false,"footnotes":""},"categories":[8],"tags":[],"class_list":["post-403","post","type-post","status-publish","format-standard","has-post-thumbnail","hentry","category-news","wp-sticky"],"acf":[],"yoast_head":"<!-- This site is optimized with the Yoast SEO plugin v27.5 - https:\/\/yoast.com\/product\/yoast-seo-wordpress\/ -->\n<title>2019 W\u00ecdderk\u00f9mme<\/title>\n<meta name=\"robots\" content=\"index, follow, max-snippet:-1, max-image-preview:large, max-video-preview:-1\" \/>\n<link rel=\"canonical\" href=\"https:\/\/www.actalsace.fr\/en\/news\/widderkumme-2019\/\" \/>\n<meta property=\"og:locale\" content=\"en_US\" \/>\n<meta property=\"og:type\" content=\"article\" \/>\n<meta property=\"og:title\" content=\"2019 W\u00ecdderk\u00f9mme\" \/>\n<meta property=\"og:description\" content=\"The Winegrowers of the Alsace Crus et Terroirs association organized the first &#8220;W\u00ecdderk\u00f9mme&#8221;, the Alsatian end-of-harvest celebration, on November 18, 2019 at the Ecomus\u00e9e d&#8217;Alsace. On the program : 18h [&hellip;]\" \/>\n<meta property=\"og:url\" content=\"https:\/\/www.actalsace.fr\/en\/news\/widderkumme-2019\/\" \/>\n<meta property=\"og:site_name\" content=\"ACT Alsace\" \/>\n<meta property=\"article:published_time\" content=\"2019-11-19T17:38:09+00:00\" \/>\n<meta property=\"article:modified_time\" content=\"2020-07-16T23:01:21+00:00\" \/>\n<meta property=\"og:image\" content=\"https:\/\/www.actalsace.fr\/wp-inside\/uploads\/2020\/07\/30e0ade9-b29e-4392-8a85-bc2f26d0854a.jpg\" \/>\n\t<meta property=\"og:image:width\" content=\"2048\" \/>\n\t<meta property=\"og:image:height\" content=\"2048\" \/>\n\t<meta property=\"og:image:type\" content=\"image\/jpeg\" \/>\n<meta name=\"author\" content=\"ACT Alsace\" \/>\n<meta name=\"twitter:card\" content=\"summary_large_image\" \/>\n<meta name=\"twitter:label1\" content=\"Written by\" \/>\n\t<meta name=\"twitter:data1\" content=\"ACT Alsace\" \/>\n<script type=\"application\/ld+json\" class=\"yoast-schema-graph\">{\"@context\":\"https:\\\/\\\/schema.org\",\"@graph\":[{\"@type\":\"Article\",\"@id\":\"https:\\\/\\\/www.actalsace.fr\\\/en\\\/news\\\/widderkumme-2019\\\/#article\",\"isPartOf\":{\"@id\":\"https:\\\/\\\/www.actalsace.fr\\\/en\\\/news\\\/widderkumme-2019\\\/\"},\"author\":{\"name\":\"ACT Alsace\",\"@id\":\"https:\\\/\\\/www.actalsace.fr\\\/en\\\/#\\\/schema\\\/person\\\/7ad70581badc7e4da723df56faa8c6b5\"},\"headline\":\"2019 W\u00ecdderk\u00f9mme\",\"datePublished\":\"2019-11-19T17:38:09+00:00\",\"dateModified\":\"2020-07-16T23:01:21+00:00\",\"mainEntityOfPage\":{\"@id\":\"https:\\\/\\\/www.actalsace.fr\\\/en\\\/news\\\/widderkumme-2019\\\/\"},\"wordCount\":76,\"publisher\":{\"@id\":\"https:\\\/\\\/www.actalsace.fr\\\/en\\\/#organization\"},\"image\":{\"@id\":\"https:\\\/\\\/www.actalsace.fr\\\/en\\\/news\\\/widderkumme-2019\\\/#primaryimage\"},\"thumbnailUrl\":\"https:\\\/\\\/www.actalsace.fr\\\/wp-inside\\\/uploads\\\/2020\\\/07\\\/30e0ade9-b29e-4392-8a85-bc2f26d0854a.jpg\",\"articleSection\":[\"News\"],\"inLanguage\":\"en-US\"},{\"@type\":\"WebPage\",\"@id\":\"https:\\\/\\\/www.actalsace.fr\\\/en\\\/news\\\/widderkumme-2019\\\/\",\"url\":\"https:\\\/\\\/www.actalsace.fr\\\/en\\\/news\\\/widderkumme-2019\\\/\",\"name\":\"2019 W\u00ecdderk\u00f9mme\",\"isPartOf\":{\"@id\":\"https:\\\/\\\/www.actalsace.fr\\\/en\\\/#website\"},\"primaryImageOfPage\":{\"@id\":\"https:\\\/\\\/www.actalsace.fr\\\/en\\\/news\\\/widderkumme-2019\\\/#primaryimage\"},\"image\":{\"@id\":\"https:\\\/\\\/www.actalsace.fr\\\/en\\\/news\\\/widderkumme-2019\\\/#primaryimage\"},\"thumbnailUrl\":\"https:\\\/\\\/www.actalsace.fr\\\/wp-inside\\\/uploads\\\/2020\\\/07\\\/30e0ade9-b29e-4392-8a85-bc2f26d0854a.jpg\",\"datePublished\":\"2019-11-19T17:38:09+00:00\",\"dateModified\":\"2020-07-16T23:01:21+00:00\",\"breadcrumb\":{\"@id\":\"https:\\\/\\\/www.actalsace.fr\\\/en\\\/news\\\/widderkumme-2019\\\/#breadcrumb\"},\"inLanguage\":\"en-US\",\"potentialAction\":[{\"@type\":\"ReadAction\",\"target\":[\"https:\\\/\\\/www.actalsace.fr\\\/en\\\/news\\\/widderkumme-2019\\\/\"]}]},{\"@type\":\"ImageObject\",\"inLanguage\":\"en-US\",\"@id\":\"https:\\\/\\\/www.actalsace.fr\\\/en\\\/news\\\/widderkumme-2019\\\/#primaryimage\",\"url\":\"https:\\\/\\\/www.actalsace.fr\\\/wp-inside\\\/uploads\\\/2020\\\/07\\\/30e0ade9-b29e-4392-8a85-bc2f26d0854a.jpg\",\"contentUrl\":\"https:\\\/\\\/www.actalsace.fr\\\/wp-inside\\\/uploads\\\/2020\\\/07\\\/30e0ade9-b29e-4392-8a85-bc2f26d0854a.jpg\",\"width\":2048,\"height\":2048,\"caption\":\"Widderkumme 2019\"},{\"@type\":\"BreadcrumbList\",\"@id\":\"https:\\\/\\\/www.actalsace.fr\\\/en\\\/news\\\/widderkumme-2019\\\/#breadcrumb\",\"itemListElement\":[{\"@type\":\"ListItem\",\"position\":1,\"name\":\"Home\",\"item\":\"https:\\\/\\\/www.actalsace.fr\\\/en\\\/\"},{\"@type\":\"ListItem\",\"position\":2,\"name\":\"News\",\"item\":\"https:\\\/\\\/www.actalsace.fr\\\/en\\\/news\\\/\"},{\"@type\":\"ListItem\",\"position\":3,\"name\":\"2019 W\u00ecdderk\u00f9mme\"}]},{\"@type\":\"WebSite\",\"@id\":\"https:\\\/\\\/www.actalsace.fr\\\/en\\\/#website\",\"url\":\"https:\\\/\\\/www.actalsace.fr\\\/en\\\/\",\"name\":\"ACT Alsace\",\"description\":\"Alsace, Crus &amp; Terroirs\",\"publisher\":{\"@id\":\"https:\\\/\\\/www.actalsace.fr\\\/en\\\/#organization\"},\"potentialAction\":[{\"@type\":\"SearchAction\",\"target\":{\"@type\":\"EntryPoint\",\"urlTemplate\":\"https:\\\/\\\/www.actalsace.fr\\\/en\\\/?s={search_term_string}\"},\"query-input\":{\"@type\":\"PropertyValueSpecification\",\"valueRequired\":true,\"valueName\":\"search_term_string\"}}],\"inLanguage\":\"en-US\"},{\"@type\":\"Organization\",\"@id\":\"https:\\\/\\\/www.actalsace.fr\\\/en\\\/#organization\",\"name\":\"Alsace Crus et Terroirs\",\"url\":\"https:\\\/\\\/www.actalsace.fr\\\/en\\\/\",\"logo\":{\"@type\":\"ImageObject\",\"inLanguage\":\"en-US\",\"@id\":\"https:\\\/\\\/www.actalsace.fr\\\/en\\\/#\\\/schema\\\/logo\\\/image\\\/\",\"url\":\"https:\\\/\\\/www.actalsace.fr\\\/wp-inside\\\/uploads\\\/2020\\\/08\\\/logo-act.png\",\"contentUrl\":\"https:\\\/\\\/www.actalsace.fr\\\/wp-inside\\\/uploads\\\/2020\\\/08\\\/logo-act.png\",\"width\":120,\"height\":70,\"caption\":\"Alsace Crus et Terroirs\"},\"image\":{\"@id\":\"https:\\\/\\\/www.actalsace.fr\\\/en\\\/#\\\/schema\\\/logo\\\/image\\\/\"}},{\"@type\":\"Person\",\"@id\":\"https:\\\/\\\/www.actalsace.fr\\\/en\\\/#\\\/schema\\\/person\\\/7ad70581badc7e4da723df56faa8c6b5\",\"name\":\"ACT Alsace\",\"image\":{\"@type\":\"ImageObject\",\"inLanguage\":\"en-US\",\"@id\":\"https:\\\/\\\/secure.gravatar.com\\\/avatar\\\/97c2c8627208bb7c290e90455e2e03cd7b4744732c72b04d0f2a6a3d1a1ea37a?s=96&d=mm&r=g\",\"url\":\"https:\\\/\\\/secure.gravatar.com\\\/avatar\\\/97c2c8627208bb7c290e90455e2e03cd7b4744732c72b04d0f2a6a3d1a1ea37a?s=96&d=mm&r=g\",\"contentUrl\":\"https:\\\/\\\/secure.gravatar.com\\\/avatar\\\/97c2c8627208bb7c290e90455e2e03cd7b4744732c72b04d0f2a6a3d1a1ea37a?s=96&d=mm&r=g\",\"caption\":\"ACT Alsace\"},\"sameAs\":[\"https:\\\/\\\/www.actalsace.fr\"]}]}<\/script>\n<!-- \/ Yoast SEO plugin. -->","yoast_head_json":{"title":"2019 W\u00ecdderk\u00f9mme","robots":{"index":"index","follow":"follow","max-snippet":"max-snippet:-1","max-image-preview":"max-image-preview:large","max-video-preview":"max-video-preview:-1"},"canonical":"https:\/\/www.actalsace.fr\/en\/news\/widderkumme-2019\/","og_locale":"en_US","og_type":"article","og_title":"2019 W\u00ecdderk\u00f9mme","og_description":"The Winegrowers of the Alsace Crus et Terroirs association organized the first &#8220;W\u00ecdderk\u00f9mme&#8221;, the Alsatian end-of-harvest celebration, on November 18, 2019 at the Ecomus\u00e9e d&#8217;Alsace. On the program : 18h [&hellip;]","og_url":"https:\/\/www.actalsace.fr\/en\/news\/widderkumme-2019\/","og_site_name":"ACT Alsace","article_published_time":"2019-11-19T17:38:09+00:00","article_modified_time":"2020-07-16T23:01:21+00:00","og_image":[{"width":2048,"height":2048,"url":"https:\/\/www.actalsace.fr\/wp-inside\/uploads\/2020\/07\/30e0ade9-b29e-4392-8a85-bc2f26d0854a.jpg","type":"image\/jpeg"}],"author":"ACT Alsace","twitter_card":"summary_large_image","twitter_misc":{"Written by":"ACT Alsace"},"schema":{"@context":"https:\/\/schema.org","@graph":[{"@type":"Article","@id":"https:\/\/www.actalsace.fr\/en\/news\/widderkumme-2019\/#article","isPartOf":{"@id":"https:\/\/www.actalsace.fr\/en\/news\/widderkumme-2019\/"},"author":{"name":"ACT Alsace","@id":"https:\/\/www.actalsace.fr\/en\/#\/schema\/person\/7ad70581badc7e4da723df56faa8c6b5"},"headline":"2019 W\u00ecdderk\u00f9mme","datePublished":"2019-11-19T17:38:09+00:00","dateModified":"2020-07-16T23:01:21+00:00","mainEntityOfPage":{"@id":"https:\/\/www.actalsace.fr\/en\/news\/widderkumme-2019\/"},"wordCount":76,"publisher":{"@id":"https:\/\/www.actalsace.fr\/en\/#organization"},"image":{"@id":"https:\/\/www.actalsace.fr\/en\/news\/widderkumme-2019\/#primaryimage"},"thumbnailUrl":"https:\/\/www.actalsace.fr\/wp-inside\/uploads\/2020\/07\/30e0ade9-b29e-4392-8a85-bc2f26d0854a.jpg","articleSection":["News"],"inLanguage":"en-US"},{"@type":"WebPage","@id":"https:\/\/www.actalsace.fr\/en\/news\/widderkumme-2019\/","url":"https:\/\/www.actalsace.fr\/en\/news\/widderkumme-2019\/","name":"2019 W\u00ecdderk\u00f9mme","isPartOf":{"@id":"https:\/\/www.actalsace.fr\/en\/#website"},"primaryImageOfPage":{"@id":"https:\/\/www.actalsace.fr\/en\/news\/widderkumme-2019\/#primaryimage"},"image":{"@id":"https:\/\/www.actalsace.fr\/en\/news\/widderkumme-2019\/#primaryimage"},"thumbnailUrl":"https:\/\/www.actalsace.fr\/wp-inside\/uploads\/2020\/07\/30e0ade9-b29e-4392-8a85-bc2f26d0854a.jpg","datePublished":"2019-11-19T17:38:09+00:00","dateModified":"2020-07-16T23:01:21+00:00","breadcrumb":{"@id":"https:\/\/www.actalsace.fr\/en\/news\/widderkumme-2019\/#breadcrumb"},"inLanguage":"en-US","potentialAction":[{"@type":"ReadAction","target":["https:\/\/www.actalsace.fr\/en\/news\/widderkumme-2019\/"]}]},{"@type":"ImageObject","inLanguage":"en-US","@id":"https:\/\/www.actalsace.fr\/en\/news\/widderkumme-2019\/#primaryimage","url":"https:\/\/www.actalsace.fr\/wp-inside\/uploads\/2020\/07\/30e0ade9-b29e-4392-8a85-bc2f26d0854a.jpg","contentUrl":"https:\/\/www.actalsace.fr\/wp-inside\/uploads\/2020\/07\/30e0ade9-b29e-4392-8a85-bc2f26d0854a.jpg","width":2048,"height":2048,"caption":"Widderkumme 2019"},{"@type":"BreadcrumbList","@id":"https:\/\/www.actalsace.fr\/en\/news\/widderkumme-2019\/#breadcrumb","itemListElement":[{"@type":"ListItem","position":1,"name":"Home","item":"https:\/\/www.actalsace.fr\/en\/"},{"@type":"ListItem","position":2,"name":"News","item":"https:\/\/www.actalsace.fr\/en\/news\/"},{"@type":"ListItem","position":3,"name":"2019 W\u00ecdderk\u00f9mme"}]},{"@type":"WebSite","@id":"https:\/\/www.actalsace.fr\/en\/#website","url":"https:\/\/www.actalsace.fr\/en\/","name":"ACT Alsace","description":"Alsace, Crus &amp; Terroirs","publisher":{"@id":"https:\/\/www.actalsace.fr\/en\/#organization"},"potentialAction":[{"@type":"SearchAction","target":{"@type":"EntryPoint","urlTemplate":"https:\/\/www.actalsace.fr\/en\/?s={search_term_string}"},"query-input":{"@type":"PropertyValueSpecification","valueRequired":true,"valueName":"search_term_string"}}],"inLanguage":"en-US"},{"@type":"Organization","@id":"https:\/\/www.actalsace.fr\/en\/#organization","name":"Alsace Crus et Terroirs","url":"https:\/\/www.actalsace.fr\/en\/","logo":{"@type":"ImageObject","inLanguage":"en-US","@id":"https:\/\/www.actalsace.fr\/en\/#\/schema\/logo\/image\/","url":"https:\/\/www.actalsace.fr\/wp-inside\/uploads\/2020\/08\/logo-act.png","contentUrl":"https:\/\/www.actalsace.fr\/wp-inside\/uploads\/2020\/08\/logo-act.png","width":120,"height":70,"caption":"Alsace Crus et Terroirs"},"image":{"@id":"https:\/\/www.actalsace.fr\/en\/#\/schema\/logo\/image\/"}},{"@type":"Person","@id":"https:\/\/www.actalsace.fr\/en\/#\/schema\/person\/7ad70581badc7e4da723df56faa8c6b5","name":"ACT Alsace","image":{"@type":"ImageObject","inLanguage":"en-US","@id":"https:\/\/secure.gravatar.com\/avatar\/97c2c8627208bb7c290e90455e2e03cd7b4744732c72b04d0f2a6a3d1a1ea37a?s=96&d=mm&r=g","url":"https:\/\/secure.gravatar.com\/avatar\/97c2c8627208bb7c290e90455e2e03cd7b4744732c72b04d0f2a6a3d1a1ea37a?s=96&d=mm&r=g","contentUrl":"https:\/\/secure.gravatar.com\/avatar\/97c2c8627208bb7c290e90455e2e03cd7b4744732c72b04d0f2a6a3d1a1ea37a?s=96&d=mm&r=g","caption":"ACT Alsace"},"sameAs":["https:\/\/www.actalsace.fr"]}]}},"_links":{"self":[{"href":"https:\/\/www.actalsace.fr\/en\/wp-json\/wp\/v2\/posts\/403","targetHints":{"allow":["GET"]}}],"collection":[{"href":"https:\/\/www.actalsace.fr\/en\/wp-json\/wp\/v2\/posts"}],"about":[{"href":"https:\/\/www.actalsace.fr\/en\/wp-json\/wp\/v2\/types\/post"}],"author":[{"embeddable":true,"href":"https:\/\/www.actalsace.fr\/en\/wp-json\/wp\/v2\/users\/2"}],"replies":[{"embeddable":true,"href":"https:\/\/www.actalsace.fr\/en\/wp-json\/wp\/v2\/comments?post=403"}],"version-history":[{"count":4,"href":"https:\/\/www.actalsace.fr\/en\/wp-json\/wp\/v2\/posts\/403\/revisions"}],"predecessor-version":[{"id":457,"href":"https:\/\/www.actalsace.fr\/en\/wp-json\/wp\/v2\/posts\/403\/revisions\/457"}],"wp:featuredmedia":[{"embeddable":true,"href":"https:\/\/www.actalsace.fr\/en\/wp-json\/wp\/v2\/media\/357"}],"wp:attachment":[{"href":"https:\/\/www.actalsace.fr\/en\/wp-json\/wp\/v2\/media?parent=403"}],"wp:term":[{"taxonomy":"category","embeddable":true,"href":"https:\/\/www.actalsace.fr\/en\/wp-json\/wp\/v2\/categories?post=403"},{"taxonomy":"post_tag","embeddable":true,"href":"https:\/\/www.actalsace.fr\/en\/wp-json\/wp\/v2\/tags?post=403"}],"curies":[{"name":"wp","href":"https:\/\/api.w.org\/{rel}","templated":true}]}}